[{"@context":"https:\/\/schema.org\/","@type":"Article","@id":"https:\/\/www.evas.cz\/spatna-ekonomika\/#Article","mainEntityOfPage":"https:\/\/www.evas.cz\/spatna-ekonomika\/","headline":"\u0160patn\u00e1 ekonomika","name":"\u0160patn\u00e1 ekonomika","description":"Mnoho lid\u00ed si mysl\u00ed, \u017ee dne\u0161n\u00ed ekonomika je nic moc. Abych se p\u0159iznala, tak j\u00e1 s t\u00edm souhlas\u00edm, opravdu je to pravda. Sta\u010d\u00ed se jenom d\u00edvat dva\u00a0dny na televizi nebo dva\u00a0dny na zpr\u00e1vy a poslouchat a sami zjist\u00edte, \u017ee dne\u0161n\u00ed ekonomika je opravdu katastrofa. J\u00e1 sama jsem si \u0159ekla, \u017ee kdybych byla v politice, \u017ee &hellip; <p class=\"link-more\"><a href=\"https:\/\/www.evas.cz\/spatna-ekonomika\/\" class=\"more-link\">Read More<span class=\"screen-reader-text\"> \"\u0160patn\u00e1 ekonomika\"<\/span><\/a><\/p>","datePublished":"2023-09-08","dateModified":"2023-09-08","author":{"@type":"Person","@id":"https:\/\/www.evas.cz\/author\/#Person","name":"","url":"https:\/\/www.evas.cz\/author\/","identifier":1,"image":{"@type":"ImageObject","@id":"https:\/\/secure.gravatar.com\/avatar\/0ee2b6192cd06dcea0b65614729a0b10cafbccdb71fa9a5d2ca8d0d37da5c054?s=96&d=mm&r=g","url":"https:\/\/secure.gravatar.com\/avatar\/0ee2b6192cd06dcea0b65614729a0b10cafbccdb71fa9a5d2ca8d0d37da5c054?s=96&d=mm&r=g","height":96,"width":96}},"publisher":{"@type":"Organization","name":"evas.cz","logo":{"@type":"ImageObject","@id":"\/logo.png","url":"\/logo.png","width":600,"height":60}},"image":{"@type":"ImageObject","@id":"https:\/\/www.evas.cz\/wp-content\/uploads\/bitcoin-7073367_1280.jpg","url":"https:\/\/www.evas.cz\/wp-content\/uploads\/bitcoin-7073367_1280.jpg","height":0,"width":0},"url":"https:\/\/www.evas.cz\/spatna-ekonomika\/","about":["Ekonomika"],"wordCount":419,"articleBody":"Mnoho lid\u00ed si mysl\u00ed, \u017ee dne\u0161n\u00ed ekonomika je nic moc. Abych se p\u0159iznala, tak j\u00e1 s t\u00edm souhlas\u00edm, opravdu je to pravda. Sta\u010d\u00ed se jenom d\u00edvat dva\u00a0dny na televizi nebo dva\u00a0dny na zpr\u00e1vy a poslouchat a sami zjist\u00edte, \u017ee dne\u0161n\u00ed ekonomika je opravdu katastrofa. J\u00e1 sama jsem si \u0159ekla, \u017ee kdybych byla v politice, \u017ee bych asi u\u017e ode\u0161la, proto\u017ee kdy\u017e takhle kouk\u00e1m kolem sebe, tak ka\u017ed\u00fd \u010dlov\u011bk, kter\u00fd nen\u00ed v politice, tak nad\u00e1v\u00e1 na politiku a na politick\u00e9 strany.J\u00e1 se tomu nediv\u00edm, proto\u017ee m\u011b u\u017e tohle tak\u00e9 vad\u00ed, \u00fapln\u011b m\u011b dr\u00e1s\u00e1 nervy, kdy\u017e ka\u017ed\u00fd politik v\u017edycky d\u011bl\u00e1 a \u0159\u00edk\u00e1 n\u011bco jin\u00e9ho, ne\u017e to d\u011bl\u00e1 ten druh\u00fd. \u0158ekn\u011bte mi, co m\u00e1 tohle za smysl, co m\u00e1 tohle za u\u017eitek? Podle m\u00e9ho n\u00e1zoru to je katastrofa, proto\u017ee kdyby politici a nebo politick\u00e9 strany v\u017edycky t\u00e1hli za jeden\u00a0provaz, tak by dne\u0161n\u00ed ekonomika nebyla v\u016fbec tak hrozn\u00e1. Jak\u00e1 je dnes. Jenom\u017ee v\u0161ichni politici maj\u00ed sp\u00ed\u0161e nahrab\u00e1no jenom pro sebe. Kolikr\u00e1t sly\u0161\u00edm v televizi, \u017ee ten a ten politik si\u00a0v\u017edycky nahrabe jenom n\u011bco pro sebe. A co potom \u010desk\u00e1 ekonomika? Ta jde ke dnu? J\u00e1 si mysl\u00edm, \u017ee u\u017e se bl\u00ed\u017e\u00edme k tomu nejhor\u0161\u00edmu, co n\u00e1s m\u016f\u017ee v Evrop\u011b \u010dekat, \u017ee \u010desk\u00e1 ekonomika bude se \u00fapln\u011b propadat.Inflace bude extr\u00e9mn\u011b vysok\u00e1 a my \u010ce\u0161i budeme chudnout a chudnout, proto\u00a0jsem si \u0159ekla, \u017ee nejlep\u0161\u00ed by bylo, kdyby lid\u00e9 tak\u00e9 zkusili t\u0159eba investovat a nebo si odkl\u00e1dat n\u011bjak\u00e9 ur\u010dit\u00e9 finance bokem. J\u00e1 si\u00a0tedy odkl\u00e1d\u00e1m finance bokem a sna\u017e\u00edm se i investovat, ale i tak z toho m\u00e1m opravdu m\u00e1lo pen\u011bz. Opravdu malinkat\u00fd v\u00fdd\u011blek, ale \u0159\u00edkala jsem si, \u017ee s t\u00edmhle nep\u0159estanu. D\u00e1v\u00e1m si bokem tis\u00edc\u00a0korun\u00a0ka\u017ed\u00fd m\u011bs\u00edc u\u017e to takhle d\u011bl\u00e1m t\u0159i\u00a0a p\u016fl roku. Mysl\u00edm si, \u017ee u\u017e m\u00e1m docela dost pen\u011bz takhle do z\u00e1soby. A tak\u00e9 jsem si je\u0161t\u011b dala rad\u011bji d\u016fchodov\u00e9 p\u0159ipoji\u0161t\u011bn\u00ed, a to kv\u016fli tomu, \u017ee je \u0161patn\u00e1 ekonomika a nev\u00edm, co bude v budoucnu. A j\u00e1 jsem takov\u00e1, \u017ee do budoucnosti rad\u011bji hlad\u00edm dop\u0159edu.\u00a0                                                                                                                                                                                                                                                                                                                                                                                        3.7\/5 - (10 votes)        "},{"@context":"https:\/\/schema.org\/","@type":"BreadcrumbList","itemListElement":[{"@type":"ListItem","position":1,"name":"\u0160patn\u00e1 ekonomika","item":"https:\/\/www.evas.cz\/spatna-ekonomika\/#breadcrumbitem"}]}]