[{"@context":"https:\/\/schema.org\/","@type":"Article","@id":"https:\/\/www.evas.cz\/promo-darky\/#Article","mainEntityOfPage":"https:\/\/www.evas.cz\/promo-darky\/","headline":"Promo d\u00e1rky","name":"Promo d\u00e1rky","description":"Ka\u017ed\u00fdm rokem se po\u0159\u00e1daj\u00ed na v\u00fdstavi\u0161t\u00edch nejr\u016fzn\u011bj\u0161\u00ed veletrhy, kde firmy p\u0159edv\u00e1d\u00ed sv\u00e9 v\u00fdrobky nebo slu\u017eby. Jedn\u00e1 se o propaga\u010dn\u00ed akce, kde m\u00e1te svoji firmu nejen p\u0159edstavit, ale tak\u00e9 jim uk\u00e1zat, co va\u0161e firma vyr\u00e1b\u00ed nebo prod\u00e1v\u00e1. Veletrhy slou\u017e\u00ed pro osloven\u00ed nov\u00fdch z\u00e1kazn\u00edk\u016f a na nav\u00e1z\u00e1n\u00ed spolupr\u00e1ce. Po\u0159\u00e1daj\u00ed se po cel\u00e9 republice a je jen na &hellip; <p class=\"link-more\"><a href=\"https:\/\/www.evas.cz\/promo-darky\/\" class=\"more-link\">Read More<span class=\"screen-reader-text\"> \"Promo d\u00e1rky\"<\/span><\/a><\/p>","datePublished":"2024-05-11","dateModified":"2024-06-11","author":{"@type":"Person","@id":"https:\/\/www.evas.cz\/author\/#Person","name":"","url":"https:\/\/www.evas.cz\/author\/","identifier":1,"image":{"@type":"ImageObject","@id":"https:\/\/secure.gravatar.com\/avatar\/0ee2b6192cd06dcea0b65614729a0b10cafbccdb71fa9a5d2ca8d0d37da5c054?s=96&d=mm&r=g","url":"https:\/\/secure.gravatar.com\/avatar\/0ee2b6192cd06dcea0b65614729a0b10cafbccdb71fa9a5d2ca8d0d37da5c054?s=96&d=mm&r=g","height":96,"width":96}},"publisher":{"@type":"Organization","name":"evas.cz","logo":{"@type":"ImageObject","@id":"\/logo.png","url":"\/logo.png","width":600,"height":60}},"image":{"@type":"ImageObject","@id":"https:\/\/www.evas.cz\/wp-content\/uploads\/key-2384093_640.jpg","url":"https:\/\/www.evas.cz\/wp-content\/uploads\/key-2384093_640.jpg","height":0,"width":0},"url":"https:\/\/www.evas.cz\/promo-darky\/","about":["Nakupov\u00e1n\u00ed"],"wordCount":432,"articleBody":"   Ka\u017ed\u00fdm rokem se po\u0159\u00e1daj\u00ed na v\u00fdstavi\u0161t\u00edch nejr\u016fzn\u011bj\u0161\u00ed veletrhy, kde firmy p\u0159edv\u00e1d\u00ed sv\u00e9 v\u00fdrobky nebo slu\u017eby. Jedn\u00e1 se o propaga\u010dn\u00ed akce, kde m\u00e1te svoji firmu nejen p\u0159edstavit, ale tak\u00e9 jim uk\u00e1zat, co va\u0161e firma vyr\u00e1b\u00ed nebo prod\u00e1v\u00e1. Veletrhy slou\u017e\u00ed pro osloven\u00ed nov\u00fdch z\u00e1kazn\u00edk\u016f a na nav\u00e1z\u00e1n\u00ed spolupr\u00e1ce. Po\u0159\u00e1daj\u00ed se po cel\u00e9 republice a je jen na v\u00e1s, jak\u00fd v\u00e1s zaujme a kam se sv\u00fdm st\u00e1nkem zajedete. Samoz\u0159ejmost\u00ed je, vybrat veletrh, kter\u00fd se stahuje k va\u0161\u00ed firm\u011b. Zapomenout byste v\u0161ak nem\u011bli na reklamn\u00ed d\u00e1rky, kter\u00fdmi obdarujete potencion\u00e1ln\u00ed z\u00e1kazn\u00edky. Reklamn\u00ed d\u00e1rky jsou jako stvo\u0159en\u00e9 na veletrhy a rozhodn\u011b nevyr\u00e1\u017eejte bez nich.Lid\u00e9 moc dob\u0159e v\u011bd\u00ed, \u017ee tyto d\u00e1rky mohou z\u00edskat a je tak dobr\u00e9 m\u00edt n\u011bjak\u00e9 p\u0159i ruce. Ide\u00e1ln\u00ed volbou jsou klasick\u00e9 propisky s potiskem, hrn\u00ed\u010dky, pozn\u00e1mkov\u00e9 bloky, nebo t\u0159eba kl\u00ed\u010denky na krk. Na ty stejn\u011b jako na ostatn\u00ed p\u0159edm\u011bty nech\u00e1te ud\u011blat potisk, a\u0165 z\u00e1kazn\u00edci v\u011bd\u00ed, od koho reklamn\u00ed p\u0159edm\u011bt dostali. Iniciativ\u011b se meze nekladou a m\u016f\u017eete tak na popis p\u0159idat krom n\u00e1zvu a loga i telefonn\u00ed \u010d\u00edslo nebo s\u00eddlo firmy. Velkou v\u00fdhodou je, \u017ee kl\u00ed\u010denky na krk m\u016f\u017eete vyu\u017e\u00edt jako d\u00e1rek, ale i pro sebe samotn\u00e9. Na kl\u00ed\u010denku si m\u016f\u017eete d\u00e1t visa\u010dku, d\u00edky kter\u00e9 v\u00e1s ihned ka\u017ed\u00fd rozpozn\u00e1 a m\u016f\u017ee oslovit. Z\u00e1kazn\u00edci budou ihned v\u011bd\u011bt, \u017ee pat\u0159\u00edte k dan\u00e9 firm\u011b a mohou se pt\u00e1t na sv\u00e9 ot\u00e1zky. Nav\u00edc se kl\u00ed\u010denky na krk daj\u00ed vyrobit v nejr\u016fzn\u011bj\u0161\u00edch barv\u00e1ch a bude je na v\u00e1s, zda zvol\u00edte barvy spole\u010dnosti, nebo si vyberete barvu podle sebe. V\u017edy v\u0161ak myslete na to, \u017ee je dobr\u00e9 nal\u00e1kat co nejv\u00edce zaj\u00edmav\u00fdch z\u00e1kazn\u00edk\u016f, a\u0165 se pot\u00e9 m\u016f\u017eete t\u011b\u0161it na nov\u00e9 zak\u00e1zky. V\u011b\u0159te, \u017ee promo d\u00e1rky, jako jsou kl\u00ed\u010denky na krk, se rozhodn\u011b neztrat\u00ed. M\u016f\u017eete na nich nosit \u010dip od dve\u0159\u00ed nebo sv\u00e9 vlastn\u00ed kl\u00ed\u010de od kancel\u00e1\u0159e. Nezapomenete je tak doma a budete je m\u00edt neust\u00e1le p\u0159i ruce, kdy\u017e bude n\u011bco pot\u0159eba. Nepodce\u0148ujte tak \u017e\u00e1dn\u00fd veletrh a v\u017edy bu\u010fte p\u0159ipraven\u00ed.                                                                                                                                                                                                                                                                                                                                                                                          3.6\/5 - (7 votes)        "},{"@context":"https:\/\/schema.org\/","@type":"BreadcrumbList","itemListElement":[{"@type":"ListItem","position":1,"name":"Promo d\u00e1rky","item":"https:\/\/www.evas.cz\/promo-darky\/#breadcrumbitem"}]}]