[{"@context":"https:\/\/schema.org\/","@type":"Blog","@id":"https:\/\/www.evas.cz#Blog","headline":"Evas","description":"\nNev\u00edte si s\u00a0n\u011b\u010d\u00edm rady? Pot\u0159ebovali byste s\u00a0n\u011b\u010d\u00edm poradit \u010di pomoci, ale nem\u00e1te se na koho obr\u00e1tit? Pak v\u00e1m p\u0159ijde i tento web nesporn\u011b vhod.","url":"https:\/\/www.evas.cz","hasPart":[{"@type":"Article","@id":"https:\/\/www.evas.cz\/dokonale-usetreni-prace-ktere-si-zamilujete\/","headline":"Dokonal\u00e9 u\u0161et\u0159en\u00ed pr\u00e1ce, kter\u00e9 si zamilujete","url":"https:\/\/www.evas.cz\/dokonale-usetreni-prace-ktere-si-zamilujete\/","datePublished":"2022-08-14","dateModified":"2022-08-14","mainEntityOfPage":"https:\/\/www.evas.cz\/dokonale-usetreni-prace-ktere-si-zamilujete\/","author":{"@type":"Person","@id":"https:\/\/www.evas.cz\/author\/#Person","name":"","url":"https:\/\/www.evas.cz\/author\/","identifier":1,"image":{"@type":"ImageObject","@id":"https:\/\/secure.gravatar.com\/avatar\/0ee2b6192cd06dcea0b65614729a0b10cafbccdb71fa9a5d2ca8d0d37da5c054?s=96&d=mm&r=g","url":"https:\/\/secure.gravatar.com\/avatar\/0ee2b6192cd06dcea0b65614729a0b10cafbccdb71fa9a5d2ca8d0d37da5c054?s=96&d=mm&r=g","height":96,"width":96}},"publisher":{"@type":"Organization","name":"evas.cz","logo":{"@type":"ImageObject","@id":"\/logo.png","url":"\/logo.png","width":600,"height":60}},"image":{"@type":"ImageObject","@id":"https:\/\/www.evas.cz\/wp-content\/uploads\/home-g6a95c0993_1920.jpg","url":"https:\/\/www.evas.cz\/wp-content\/uploads\/home-g6a95c0993_1920.jpg","height":0,"width":0},"wordCount":542,"keywords":null},{"@type":"Article","@id":"https:\/\/www.evas.cz\/peruansky-zensen-aneb-maca-peruanska-na-stres-deprese-a-intimni-problemy\/","headline":"Peru\u00e1nsk\u00fd \u017een\u0161en aneb Maca peru\u00e1nsk\u00e1 na stres, deprese a intimn\u00ed probl\u00e9my","url":"https:\/\/www.evas.cz\/peruansky-zensen-aneb-maca-peruanska-na-stres-deprese-a-intimni-problemy\/","datePublished":"2022-04-11","dateModified":"2022-04-11","mainEntityOfPage":"https:\/\/www.evas.cz\/peruansky-zensen-aneb-maca-peruanska-na-stres-deprese-a-intimni-problemy\/","author":{"@type":"Person","@id":"https:\/\/www.evas.cz\/author\/#Person","name":"","url":"https:\/\/www.evas.cz\/author\/","identifier":1,"image":{"@type":"ImageObject","@id":"https:\/\/secure.gravatar.com\/avatar\/0ee2b6192cd06dcea0b65614729a0b10cafbccdb71fa9a5d2ca8d0d37da5c054?s=96&d=mm&r=g","url":"https:\/\/secure.gravatar.com\/avatar\/0ee2b6192cd06dcea0b65614729a0b10cafbccdb71fa9a5d2ca8d0d37da5c054?s=96&d=mm&r=g","height":96,"width":96}},"publisher":{"@type":"Organization","name":"evas.cz","logo":{"@type":"ImageObject","@id":"\/logo.png","url":"\/logo.png","width":600,"height":60}},"image":{"@type":"ImageObject","@id":"https:\/\/www.evas.cz\/wp-content\/uploads\/furious-2514031_640.jpg","url":"https:\/\/www.evas.cz\/wp-content\/uploads\/furious-2514031_640.jpg","height":0,"width":0},"wordCount":544,"keywords":null},{"@type":"Article","@id":"https:\/\/www.evas.cz\/zpusoby-na-zvyseni-navstevnosti-webovych-stranek\/","headline":"Zp\u016fsoby na zv\u00fd\u0161en\u00ed n\u00e1v\u0161t\u011bvnosti webov\u00fdch str\u00e1nek","url":"https:\/\/www.evas.cz\/zpusoby-na-zvyseni-navstevnosti-webovych-stranek\/","datePublished":"2022-03-14","dateModified":"2022-03-14","mainEntityOfPage":"https:\/\/www.evas.cz\/zpusoby-na-zvyseni-navstevnosti-webovych-stranek\/","author":{"@type":"Person","@id":"https:\/\/www.evas.cz\/author\/#Person","name":"","url":"https:\/\/www.evas.cz\/author\/","identifier":1,"image":{"@type":"ImageObject","@id":"https:\/\/secure.gravatar.com\/avatar\/0ee2b6192cd06dcea0b65614729a0b10cafbccdb71fa9a5d2ca8d0d37da5c054?s=96&d=mm&r=g","url":"https:\/\/secure.gravatar.com\/avatar\/0ee2b6192cd06dcea0b65614729a0b10cafbccdb71fa9a5d2ca8d0d37da5c054?s=96&d=mm&r=g","height":96,"width":96}},"publisher":{"@type":"Organization","name":"evas.cz","logo":{"@type":"ImageObject","@id":"\/logo.png","url":"\/logo.png","width":600,"height":60}},"image":{"@type":"ImageObject","@id":"https:\/\/www.evas.cz\/wp-content\/uploads\/Digitalni_marketing_eiuNSQ.jpg","url":"https:\/\/www.evas.cz\/wp-content\/uploads\/Digitalni_marketing_eiuNSQ.jpg","height":0,"width":0},"wordCount":526,"keywords":null},{"@type":"Article","@id":"https:\/\/www.evas.cz\/hypoteky-kdy-odchazi-zadatel-s-neporizenou\/","headline":"Hypot\u00e9ky: Kdy odch\u00e1z\u00ed \u017eadatel s nepo\u0159\u00edzenou?","url":"https:\/\/www.evas.cz\/hypoteky-kdy-odchazi-zadatel-s-neporizenou\/","datePublished":"2022-02-10","dateModified":"2022-02-10","mainEntityOfPage":"https:\/\/www.evas.cz\/hypoteky-kdy-odchazi-zadatel-s-neporizenou\/","author":{"@type":"Person","@id":"https:\/\/www.evas.cz\/author\/#Person","name":"","url":"https:\/\/www.evas.cz\/author\/","identifier":1,"image":{"@type":"ImageObject","@id":"https:\/\/secure.gravatar.com\/avatar\/0ee2b6192cd06dcea0b65614729a0b10cafbccdb71fa9a5d2ca8d0d37da5c054?s=96&d=mm&r=g","url":"https:\/\/secure.gravatar.com\/avatar\/0ee2b6192cd06dcea0b65614729a0b10cafbccdb71fa9a5d2ca8d0d37da5c054?s=96&d=mm&r=g","height":96,"width":96}},"publisher":{"@type":"Organization","name":"evas.cz","logo":{"@type":"ImageObject","@id":"\/logo.png","url":"\/logo.png","width":600,"height":60}},"image":{"@type":"ImageObject","@id":"https:\/\/www.evas.cz\/wp-content\/uploads\/pexels-pixabay-259100_1.jpg","url":"https:\/\/www.evas.cz\/wp-content\/uploads\/pexels-pixabay-259100_1.jpg","height":0,"width":0},"wordCount":594,"keywords":null},{"@type":"Article","@id":"https:\/\/www.evas.cz\/postavili-jste-dum-a-nemate-garaz-zadny-problem\/","headline":"Postavili jste d\u016fm a nem\u00e1te gar\u00e1\u017e? \u017d\u00e1dn\u00fd probl\u00e9m!","url":"https:\/\/www.evas.cz\/postavili-jste-dum-a-nemate-garaz-zadny-problem\/","datePublished":"2022-02-09","dateModified":"2022-02-09","mainEntityOfPage":"https:\/\/www.evas.cz\/postavili-jste-dum-a-nemate-garaz-zadny-problem\/","author":{"@type":"Person","@id":"https:\/\/www.evas.cz\/author\/#Person","name":"","url":"https:\/\/www.evas.cz\/author\/","identifier":1,"image":{"@type":"ImageObject","@id":"https:\/\/secure.gravatar.com\/avatar\/0ee2b6192cd06dcea0b65614729a0b10cafbccdb71fa9a5d2ca8d0d37da5c054?s=96&d=mm&r=g","url":"https:\/\/secure.gravatar.com\/avatar\/0ee2b6192cd06dcea0b65614729a0b10cafbccdb71fa9a5d2ca8d0d37da5c054?s=96&d=mm&r=g","height":96,"width":96}},"publisher":{"@type":"Organization","name":"evas.cz","logo":{"@type":"ImageObject","@id":"\/logo.png","url":"\/logo.png","width":600,"height":60}},"image":{"@type":"ImageObject","@id":"https:\/\/www.evas.cz\/wp-content\/uploads\/d%C5%AFm.png","url":"https:\/\/www.evas.cz\/wp-content\/uploads\/d%C5%AFm.png","height":0,"width":0},"wordCount":586,"keywords":null},{"@type":"Article","@id":"https:\/\/www.evas.cz\/hudba-je-dulezita\/","headline":"Hudba je d\u016fle\u017eit\u00e1","url":"https:\/\/www.evas.cz\/hudba-je-dulezita\/","datePublished":"2022-01-17","dateModified":"2022-01-17","mainEntityOfPage":"https:\/\/www.evas.cz\/hudba-je-dulezita\/","author":{"@type":"Person","@id":"https:\/\/www.evas.cz\/author\/#Person","name":"","url":"https:\/\/www.evas.cz\/author\/","identifier":1,"image":{"@type":"ImageObject","@id":"https:\/\/secure.gravatar.com\/avatar\/0ee2b6192cd06dcea0b65614729a0b10cafbccdb71fa9a5d2ca8d0d37da5c054?s=96&d=mm&r=g","url":"https:\/\/secure.gravatar.com\/avatar\/0ee2b6192cd06dcea0b65614729a0b10cafbccdb71fa9a5d2ca8d0d37da5c054?s=96&d=mm&r=g","height":96,"width":96}},"publisher":{"@type":"Organization","name":"evas.cz","logo":{"@type":"ImageObject","@id":"\/logo.png","url":"\/logo.png","width":600,"height":60}},"image":{"@type":"ImageObject","@id":"https:\/\/www.evas.cz\/wp-content\/uploads\/cat-g9adf3a157_640.jpg","url":"https:\/\/www.evas.cz\/wp-content\/uploads\/cat-g9adf3a157_640.jpg","height":0,"width":0},"wordCount":583,"keywords":null},{"@type":"Article","@id":"https:\/\/www.evas.cz\/dobry-sluha-ale-zly-pan\/","headline":"Dobr\u00fd sluha, ale zl\u00fd p\u00e1n","url":"https:\/\/www.evas.cz\/dobry-sluha-ale-zly-pan\/","datePublished":"2021-09-14","dateModified":"2021-09-14","mainEntityOfPage":"https:\/\/www.evas.cz\/dobry-sluha-ale-zly-pan\/","author":{"@type":"Person","@id":"https:\/\/www.evas.cz\/author\/#Person","name":"","url":"https:\/\/www.evas.cz\/author\/","identifier":1,"image":{"@type":"ImageObject","@id":"https:\/\/secure.gravatar.com\/avatar\/0ee2b6192cd06dcea0b65614729a0b10cafbccdb71fa9a5d2ca8d0d37da5c054?s=96&d=mm&r=g","url":"https:\/\/secure.gravatar.com\/avatar\/0ee2b6192cd06dcea0b65614729a0b10cafbccdb71fa9a5d2ca8d0d37da5c054?s=96&d=mm&r=g","height":96,"width":96}},"publisher":{"@type":"Organization","name":"evas.cz","logo":{"@type":"ImageObject","@id":"\/logo.png","url":"\/logo.png","width":600,"height":60}},"image":{"@type":"ImageObject","@id":"https:\/\/www.evas.cz\/wp-content\/uploads\/hacker-gee32dde6e_640.jpg","url":"https:\/\/www.evas.cz\/wp-content\/uploads\/hacker-gee32dde6e_640.jpg","height":0,"width":0},"wordCount":528,"keywords":null},{"@type":"Article","@id":"https:\/\/www.evas.cz\/promena-interieru-ci-exterieru-zkuste-dat-sanci-kamennym-obkladum\/","headline":"Prom\u011bna interi\u00e9ru \u010di exteri\u00e9ru? Zkuste d\u00e1t \u0161anci kamenn\u00fdm obklad\u016fm!","url":"https:\/\/www.evas.cz\/promena-interieru-ci-exterieru-zkuste-dat-sanci-kamennym-obkladum\/","datePublished":"2021-06-04","dateModified":"2021-06-04","mainEntityOfPage":"https:\/\/www.evas.cz\/promena-interieru-ci-exterieru-zkuste-dat-sanci-kamennym-obkladum\/","author":{"@type":"Person","@id":"https:\/\/www.evas.cz\/author\/#Person","name":"","url":"https:\/\/www.evas.cz\/author\/","identifier":1,"image":{"@type":"ImageObject","@id":"https:\/\/secure.gravatar.com\/avatar\/0ee2b6192cd06dcea0b65614729a0b10cafbccdb71fa9a5d2ca8d0d37da5c054?s=96&d=mm&r=g","url":"https:\/\/secure.gravatar.com\/avatar\/0ee2b6192cd06dcea0b65614729a0b10cafbccdb71fa9a5d2ca8d0d37da5c054?s=96&d=mm&r=g","height":96,"width":96}},"publisher":{"@type":"Organization","name":"evas.cz","logo":{"@type":"ImageObject","@id":"\/logo.png","url":"\/logo.png","width":600,"height":60}},"image":{"@type":"ImageObject","@id":"https:\/\/www.evas.cz\/wp-content\/uploads\/pexels-photo-668353_1.jpeg","url":"https:\/\/www.evas.cz\/wp-content\/uploads\/pexels-photo-668353_1.jpeg","height":0,"width":0},"wordCount":683,"keywords":null},{"@type":"Article","@id":"https:\/\/www.evas.cz\/vrakoviste-mazda\/","headline":"Vrakovi\u0161t\u011b Mazda","url":"https:\/\/www.evas.cz\/vrakoviste-mazda\/","datePublished":"2021-05-15","dateModified":"2021-05-15","mainEntityOfPage":"https:\/\/www.evas.cz\/vrakoviste-mazda\/","author":{"@type":"Person","@id":"https:\/\/www.evas.cz\/author\/#Person","name":"","url":"https:\/\/www.evas.cz\/author\/","identifier":1,"image":{"@type":"ImageObject","@id":"https:\/\/secure.gravatar.com\/avatar\/0ee2b6192cd06dcea0b65614729a0b10cafbccdb71fa9a5d2ca8d0d37da5c054?s=96&d=mm&r=g","url":"https:\/\/secure.gravatar.com\/avatar\/0ee2b6192cd06dcea0b65614729a0b10cafbccdb71fa9a5d2ca8d0d37da5c054?s=96&d=mm&r=g","height":96,"width":96}},"publisher":{"@type":"Organization","name":"evas.cz","logo":{"@type":"ImageObject","@id":"\/logo.png","url":"\/logo.png","width":600,"height":60}},"image":{"@type":"ImageObject","@id":"https:\/\/www.evas.cz\/wp-content\/uploads\/vraky%20automobil%C5%AF.PNG","url":"https:\/\/www.evas.cz\/wp-content\/uploads\/vraky%20automobil%C5%AF.PNG","height":0,"width":0},"wordCount":789,"keywords":null},{"@type":"Article","@id":"https:\/\/www.evas.cz\/co-znamena-mit-na-podlaze-koberec\/","headline":"Co znamen\u00e1 m\u00edt na podlaze koberec","url":"https:\/\/www.evas.cz\/co-znamena-mit-na-podlaze-koberec\/","datePublished":"2021-05-15","dateModified":"2021-05-15","mainEntityOfPage":"https:\/\/www.evas.cz\/co-znamena-mit-na-podlaze-koberec\/","author":{"@type":"Person","@id":"https:\/\/www.evas.cz\/author\/#Person","name":"","url":"https:\/\/www.evas.cz\/author\/","identifier":1,"image":{"@type":"ImageObject","@id":"https:\/\/secure.gravatar.com\/avatar\/0ee2b6192cd06dcea0b65614729a0b10cafbccdb71fa9a5d2ca8d0d37da5c054?s=96&d=mm&r=g","url":"https:\/\/secure.gravatar.com\/avatar\/0ee2b6192cd06dcea0b65614729a0b10cafbccdb71fa9a5d2ca8d0d37da5c054?s=96&d=mm&r=g","height":96,"width":96}},"publisher":{"@type":"Organization","name":"evas.cz","logo":{"@type":"ImageObject","@id":"\/logo.png","url":"\/logo.png","width":600,"height":60}},"image":{"@type":"ImageObject","@id":"https:\/\/www.evas.cz\/wp-content\/uploads\/koberec%20v%20byt%C4%9B_1.jpg","url":"https:\/\/www.evas.cz\/wp-content\/uploads\/koberec%20v%20byt%C4%9B_1.jpg","height":0,"width":0},"wordCount":536,"keywords":null}]},{"@context":"https:\/\/schema.org","@type":"WebSite","@id":"https:\/\/www.evas.cz\/#website","name":"Evas","url":"https:\/\/www.evas.cz","potentialAction":{"@type":"SearchAction","target":"https:\/\/www.evas.cz\/?s={search_term_string}","query-input":"required name=search_term_string"}}]