[{"@context":"https:\/\/schema.org\/","@type":"Article","@id":"https:\/\/www.evas.cz\/brat-se-designera\/#Article","mainEntityOfPage":"https:\/\/www.evas.cz\/brat-se-designera\/","headline":"Br\u00e1t se design\u00e9ra","name":"Br\u00e1t se design\u00e9ra","description":"V dne\u0161n\u00ed dob\u011b se mi l\u00edb\u00ed, \u017ee si vlastn\u011b ka\u017ed\u00fd \u010dlov\u011bk m\u016f\u017ee ud\u011blat takov\u00fd interi\u00e9r, kter\u00fd se mu l\u00edb\u00ed. D\u0159\u00edve to snad ani ne\u0161lo, v\u017edy si jenom vzpome\u0148te, jak to bylo d\u0159\u00edve. D\u0159\u00edve byly takov\u00e9 obchody, kde se prod\u00e1valo t\u00e9m\u011b\u0159 v\u0161echno, \u00fapln\u011b toto\u017en\u00e9 v\u011bci, tak\u017ee n\u011bkde je\u0161t\u011b v \u0161edes\u00e1t\u00fdch nebo sedmdes\u00e1t\u00fdch letech byl n\u00e1bytek t\u00e9m\u011b\u0159 &hellip; <p class=\"link-more\"><a href=\"https:\/\/www.evas.cz\/brat-se-designera\/\" class=\"more-link\">Read More<span class=\"screen-reader-text\"> \"Br\u00e1t se design\u00e9ra\"<\/span><\/a><\/p>","datePublished":"2024-06-15","dateModified":"2024-06-15","author":{"@type":"Person","@id":"https:\/\/www.evas.cz\/author\/#Person","name":"","url":"https:\/\/www.evas.cz\/author\/","identifier":1,"image":{"@type":"ImageObject","@id":"https:\/\/secure.gravatar.com\/avatar\/0ee2b6192cd06dcea0b65614729a0b10cafbccdb71fa9a5d2ca8d0d37da5c054?s=96&d=mm&r=g","url":"https:\/\/secure.gravatar.com\/avatar\/0ee2b6192cd06dcea0b65614729a0b10cafbccdb71fa9a5d2ca8d0d37da5c054?s=96&d=mm&r=g","height":96,"width":96}},"publisher":{"@type":"Organization","name":"evas.cz","logo":{"@type":"ImageObject","@id":"\/logo.png","url":"\/logo.png","width":600,"height":60}},"image":{"@type":"ImageObject","@id":"https:\/\/www.evas.cz\/wp-content\/uploads\/kitchen-1336160_1280_5.jpg","url":"https:\/\/www.evas.cz\/wp-content\/uploads\/kitchen-1336160_1280_5.jpg","height":0,"width":0},"url":"https:\/\/www.evas.cz\/brat-se-designera\/","about":["Bydlen\u00ed"],"wordCount":452,"articleBody":"   V dne\u0161n\u00ed dob\u011b se mi l\u00edb\u00ed, \u017ee si vlastn\u011b ka\u017ed\u00fd \u010dlov\u011bk m\u016f\u017ee ud\u011blat takov\u00fd interi\u00e9r, kter\u00fd se mu l\u00edb\u00ed. D\u0159\u00edve to snad ani ne\u0161lo, v\u017edy si jenom vzpome\u0148te, jak to bylo d\u0159\u00edve. D\u0159\u00edve byly takov\u00e9 obchody, kde se prod\u00e1valo t\u00e9m\u011b\u0159 v\u0161echno, \u00fapln\u011b toto\u017en\u00e9 v\u011bci, tak\u017ee n\u011bkde je\u0161t\u011b v \u0161edes\u00e1t\u00fdch nebo sedmdes\u00e1t\u00fdch letech byl n\u00e1bytek t\u00e9m\u011b\u0159 v ka\u017ed\u00e9 dom\u00e1cnosti \u00fapln\u011b stejn\u00fd. Jenom si vzpome\u0148te t\u0159eba tak\u00e9 na koupelny. Poka\u017ed\u00e9, kdy\u017e vid\u00edm n\u011bjak\u00e9 fotky t\u0159eba ze sedmdes\u00e1t\u00fdch let, tak se mus\u00edm usm\u00e1t. P\u0159esn\u011b i takovouto koupelnu jsme m\u011bli my, ale dneska je to \u00fapln\u011b jin\u00e9. Dneska si n\u00e1vrhy interi\u00e9r\u016f m\u016f\u017eete navrhnout sami. Anebo si tak\u00e9 sehnat n\u011bjak\u00e9ho specialistu. A proto\u017ee bydl\u00edme s rodinou v Praze, tak tak\u00e9 hled\u00e1me n\u00e1vrhy interi\u00e9r\u016f Praha. A v\u00edce informac\u00ed o tomhle se m\u016f\u017eete dozv\u011bd\u011bt na webov\u00e9 str\u00e1nce bydesign.cz. Pr\u00e1v\u011b na tomto webu najdete opravdu perfektn\u00ed pra\u017esk\u00e9 n\u00e1vrhy interi\u00e9r\u016f. Mn\u011b se tohle l\u00edb\u00ed, v\u017edycky jsem si tak\u00e9 k sob\u011b dom\u016f cht\u011bla poslat n\u011bjak\u00e9ho architekta nebo bytov\u00e9ho design\u00e9ra, kter\u00fd by mi v\u017edycky ud\u011blal opravdu kr\u00e1sn\u00fd ob\u00fdv\u00e1k nebo kuchy\u0148, proto\u017ee my kuchyni m\u00e1me docela u\u017e zastaralou. A proto\u017ee jsme do kuchyn\u011b cht\u011bli kupovat novou kuchy\u0148skou linku a tak\u00e9 st\u016fl a \u017eidle, vlastn\u011b jako ten j\u00eddeln\u00ed st\u016fl, tak jsme si s partnerem a s d\u011btmi \u0159ekli, \u017ee bychom si mohli pozvat bytov\u00e9ho architekta, n\u011bjak\u00e9ho specialistu a odborn\u00edka, kter\u00fd by n\u00e1m ud\u011blal n\u011bco opravdu p\u011bkn\u00e9ho. V\u017edy\u0165 p\u0159eci nebude na \u0161kodu, kdy\u017e si jednou nebo dvakr\u00e1t za \u017eivot se\u017eeneme n\u011bjak\u00e9ho interi\u00e9rov\u00e9ho design\u00e9ra. Podle m\u00e9ho n\u00e1zoru nikdo neud\u011bl\u00e1 chybu a je to lep\u0161\u00ed, proto\u017ee vy vlastn\u011b m\u00e1te styl. Tak\u017ee v\u016fbec nedok\u00e1\u017eete p\u0159em\u00fd\u0161let nad n\u011b\u010d\u00edm jin\u00fdm. \u017de by styl vypadal \u00fapln\u011b jinak. Proto je nejlep\u0161\u00ed, kdy\u017e pr\u00e1v\u011b \u0159eknete n\u011bkomu \u00fapln\u011b ciz\u00edmu, kter\u00fd se v tom vyzn\u00e1. Jak bude v\u00e1\u0161 styl interi\u00e9ru vypadat, to vlastn\u011b bude pro v\u00e1s \u00fapln\u00e1 novinka. Nebudete to \u010dekat! A to je pr\u00e1v\u011b ta v\u00e1\u0161e\u0148. Takov\u00e9 to p\u0159ekvapen\u00ed. A tohle pr\u00e1v\u011b chci za\u017e\u00edt, tak\u017ee jsem zv\u011bdav\u00e1, jak to za p\u016fl roku u n\u00e1s bude vypadat.                                                                                                                                                                                                                                                                                                                                                                                           4.5\/5 - (8 votes)        "},{"@context":"https:\/\/schema.org\/","@type":"BreadcrumbList","itemListElement":[{"@type":"ListItem","position":1,"name":"Br\u00e1t se design\u00e9ra","item":"https:\/\/www.evas.cz\/brat-se-designera\/#breadcrumbitem"}]}]